{"id":10704,"date":"2018-06-20T14:48:34","date_gmt":"2018-06-20T14:48:34","guid":{"rendered":"https:\/\/aac-europe.org\/2018\/06\/20\/aquaculture-europeenne-soutenir-les-agriculteurs-de-l-eau\/"},"modified":"2018-06-20T14:48:34","modified_gmt":"2018-06-20T14:48:34","slug":"aquaculture-europeenne-soutenir-les-agriculteurs-de-l-eau","status":"publish","type":"news_item","link":"https:\/\/aac-europe.org\/fr\/news_item\/aquaculture-europeenne-soutenir-les-agriculteurs-de-l-eau\/","title":{"rendered":"Aquaculture europ\u00e9enne : Soutenir les agriculteurs de l\u2019eau"},"content":{"rendered":"<p><strong>Karmenu Vella, Commissaire europ\u00e9en charg\u00e9 de l&rsquo;environnement, des affaires maritimes et de la p\u00eache, explique le soutien de la Commission \u00e0 l&rsquo;aquaculture europ\u00e9enne et aux agriculteurs de l&rsquo;eau&nbsp;<\/strong><\/p>\n<p>Il y a 40 ans, le c\u00e9l\u00e8bre commandant fran\u00e7ais Jacques-Yves Cousteau d\u00e9clarait: \u00abNous devons planifier la mer et le troupeau en utilisant la mer comme agriculteur plut\u00f4t que chasseur.\u00bb Sa vision devient r\u00e9alit\u00e9: en 2014, pour la premi\u00e8re fois dans l&rsquo;histoire, les humains ont consomm\u00e9 plus de poissons d&rsquo;\u00e9levage que de poissons sauvages.<\/p>\n<p>&nbsp;<\/p>\n<h3>Lire l&rsquo;article entier ici.<\/h3>\n<h5 style=\"text-align: justify;\"><a href=\"http:\/\/www.openaccessgovernment.org\/eu-aquaculture-supporting-the-farmers-in-the-water\/43991\/\" target=\"_blank\" rel=\"noopener\">Lire l&rsquo;article entier ici<\/a><\/h5>\n","protected":false},"featured_media":0,"template":"","categories":[1350],"acf":[],"_links":{"self":[{"href":"https:\/\/aac-europe.org\/fr\/wp-json\/wp\/v2\/news_item\/10704"}],"collection":[{"href":"https:\/\/aac-europe.org\/fr\/wp-json\/wp\/v2\/news_item"}],"about":[{"href":"https:\/\/aac-europe.org\/fr\/wp-json\/wp\/v2\/types\/news_item"}],"wp:attachment":[{"href":"https:\/\/aac-europe.org\/fr\/wp-json\/wp\/v2\/media?parent=10704"}],"wp:term":[{"taxonomy":"category","embeddable":true,"href":"https:\/\/aac-europe.org\/fr\/wp-json\/wp\/v2\/categories?post=10704"}],"curies":[{"name":"wp","href":"https:\/\/api.w.org\/{rel}","templated":true}]}}