{"id":3413,"count":4,"description":"","link":"https:\/\/aac-europe.org\/fr\/tag\/especes-protegees\/","name":"esp\u00e8ces prot\u00e9g\u00e9es","slug":"especes-protegees","taxonomy":"post_tag","meta":[],"_links":{"self":[{"href":"https:\/\/aac-europe.org\/fr\/wp-json\/wp\/v2\/tags\/3413"}],"collection":[{"href":"https:\/\/aac-europe.org\/fr\/wp-json\/wp\/v2\/tags"}],"about":[{"href":"https:\/\/aac-europe.org\/fr\/wp-json\/wp\/v2\/taxonomies\/post_tag"}],"wp:post_type":[{"href":"https:\/\/aac-europe.org\/fr\/wp-json\/wp\/v2\/posts?tags=3413"},{"href":"https:\/\/aac-europe.org\/fr\/wp-json\/wp\/v2\/publication?tags=3413"},{"href":"https:\/\/aac-europe.org\/fr\/wp-json\/wp\/v2\/home_post?tags=3413"},{"href":"https:\/\/aac-europe.org\/fr\/wp-json\/wp\/v2\/tribe_events?tags=3413"}],"curies":[{"name":"wp","href":"https:\/\/api.w.org\/{rel}","templated":true}]}}